{"id":30993,"date":"2010-09-15T03:07:04","date_gmt":"2010-09-15T03:07:04","guid":{"rendered":"https:\/\/www.newlifeturkey.com\/okategoriserad\/turkey\/"},"modified":"2018-01-16T11:26:31","modified_gmt":"2018-01-16T11:26:31","slug":"turkiet","status":"publish","type":"post","link":"https:\/\/www.newlifeturkey.com\/sv\/tuerkei-sv\/turkiet\/","title":{"rendered":"Turkiet"},"content":{"rendered":"<p style=\"text-align: justify;\"><img fetchpriority=\"high\" decoding=\"async\" class=\"aligncenter wp-image-18449 size-full\" src=\"https:\/\/www.newlifeturkey.com\/wp-content\/uploads\/2010\/09\/turkey.jpg\" alt=\"\" width=\"899\" height=\"302\" srcset=\"https:\/\/www.newlifeturkey.com\/wp-content\/uploads\/2010\/09\/turkey.jpg 899w, https:\/\/www.newlifeturkey.com\/wp-content\/uploads\/2010\/09\/turkey-300x101.jpg 300w, https:\/\/www.newlifeturkey.com\/wp-content\/uploads\/2010\/09\/turkey-768x258.jpg 768w\" sizes=\"(max-width: 899px) 100vw, 899px\" \/><\/p>\n<p style=\"text-align: justify;\">Turkiet \u00e4r en demokratisk republik, bel\u00e4gen p\u00e5 kontinenterna Asien och Europa. Staten grundades 1923 av Mustafa Kemal Ataturk. Grundare Mustafa Kemal Ataturk f\u00f6rs\u00f6kte modernisera Turkiet genom m\u00e5nga sociala reformer i linje med olika europeiska stater.<\/p>\n<p style=\"text-align: justify;\">Huvudstaden i Turkiet \u00e4r Ankara, den st\u00f6rsta staden i Turkiet \u00e4r Istanbul<\/p>\n<p style=\"text-align: justify;\"><strong>Lokalisering<\/strong><\/p>\n<p style=\"text-align: justify;\">Turkiet str\u00e4cker sig geografiskt \u00f6ver tv\u00e5 kontinenter. F\u00f6r det f\u00f6rsta Anatolien, den asiatiska delen av Turkiets territorium. Med omkring 3% av sin mark finns Turkiet p\u00e5 den europeiska kontinenten.<\/p>\n<p style=\"text-align: justify;\">Kustlinjen str\u00e4cker sig ca 7.200 km. I v\u00e4st finns Egeiska havet, Medelhavet i s\u00f6dra Turkiet och i norr hittar du Svarta havet. De norra gr\u00e4nserna i Medelhavsomr\u00e5det \u00e4r Taurusbergen. I \u00f6ster gr\u00e4nsar Amanos bergen. I denna region odlar man fr\u00e4mst citrusfrukter, bananer, tomater, jordn\u00f6tter och bomull.<\/p>\n<p style=\"text-align: justify;\"><strong>Spr\u00e5ket<\/strong><\/p>\n<p style=\"text-align: justify;\">Det officiella spr\u00e5ket i Turkiet \u00e4r turkiska, det talas av mer \u00e4n 80% av den turkiska befolkningen som sitt modersm\u00e5l och 10-15% av befolkningen som andraspr\u00e5k. Dessutom finns det cirka tjugofem spr\u00e5k fr\u00e5n andra spr\u00e5kfamiljer.<\/p>\n<p style=\"text-align: justify;\"><strong>Religion<\/strong><\/p>\n<p style=\"text-align: justify;\">99% av den turkiska befolkningen \u00e4r muslimer. Positionen f\u00f6r islam som statsreligion avskaffades \u00e5r 1928 av grundaren av den turkiska republiken, Ataturk. Turkiet \u00e4r en sekul\u00e4r stat. Separationen mellan religionen och politiken styrs av konstitutionen.<\/p>\n<p style=\"text-align: justify;\"><strong>Exempel p\u00e5 sev\u00e4rdheter<\/strong><\/p>\n<p style=\"text-align: justify;\"><img decoding=\"async\" class=\"alignleft wp-image-18500 size-medium\" src=\"http:\/\/new.newlifeturkey.com\/wp-content\/uploads\/2010\/09\/ayasofya-hagia-sophia-300x222.jpg\" alt=\"\" width=\"300\" height=\"222\" srcset=\"https:\/\/www.newlifeturkey.com\/wp-content\/uploads\/2010\/09\/ayasofya-hagia-sophia-300x222.jpg 300w, https:\/\/www.newlifeturkey.com\/wp-content\/uploads\/2010\/09\/ayasofya-hagia-sophia.jpg 612w\" sizes=\"(max-width: 300px) 100vw, 300px\" \/><\/p>\n<p><strong>Hagia Sophia<\/strong><\/p>\n<p style=\"text-align: justify;\">Hagia Sophia byggdes under det 6:e \u00e5rhundradet. Hon var centrum f\u00f6r den kristna religionen i det bysantinska v\u00e4ldet Konstantinopel (nuvarande Istanbul). P\u00e5 den tiden arbetade hon ocks\u00e5 som kr\u00f6ningskyrka f\u00f6r de romerska kejsarna. Hagia Sophia byggdes av den romerske kejsaren Justinianus I. Kupolen p\u00e5 Hagia Sophia \u00e4r 56 meter h\u00f6g och 31 meter i dm.<\/p>\n<p style=\"text-align: justify;\">\u00c5r 1453 hade Konstantinopel er\u00f6vrats och Hagia Sophia omvandlades till en mosk\u00e9. Under Ataturk, grundaren av Republiken Turkiet, blev Hagia Sophia ett museum 1932. Under denna tid uppt\u00e4cktes m\u00e5nga av de kristna mosaikerna igen. Hon \u00e4r nu en av de mest popul\u00e4ra turistm\u00e5len i Istanbul.<\/p>\n<p>&nbsp;<\/p>\n<p style=\"text-align: justify;\"><img decoding=\"async\" class=\"alignleft wp-image-18887 size-medium\" src=\"http:\/\/new.newlifeturkey.com\/wp-content\/uploads\/2010\/09\/sultan ahmed cami-300x165.jpg\" alt=\"\" width=\"300\" height=\"165\" srcset=\"https:\/\/www.newlifeturkey.com\/wp-content\/uploads\/2010\/09\/sultan%20ahmed%20cami-300x165.jpg 300w, https:\/\/www.newlifeturkey.com\/wp-content\/uploads\/2010\/09\/sultan%20ahmed%20cami-768x423.jpg 768w, https:\/\/www.newlifeturkey.com\/wp-content\/uploads\/2010\/09\/sultan%20ahmed%20cami-1024x564.jpg 1024w, https:\/\/www.newlifeturkey.com\/wp-content\/uploads\/2010\/09\/sultan%20ahmed%20cami.jpg 1677w\" sizes=\"(max-width: 300px) 100vw, 300px\" \/><\/p>\n<p><strong>Sultan Ahmet mosk\u00e9n<\/strong><\/p>\n<p style=\"text-align: justify;\">Sultanen Ahmet mosk\u00e9n \u00e4r mest k\u00e4nd som &#8221;Bl\u00e5 mosk\u00e9n&#8221;. Den byggdes 1609-1616 p\u00e5 uppdrag av Sultan Ahmet I. Sultan Ahmet mosk\u00e9n med sina sex minareter \u00e4r ett av sev\u00e4rdheterna i Istanbul.<\/p>\n<p style=\"text-align: justify;\">Mosk\u00e9n ligger mittemot Hagia Sophia. Vid b\u00f6netider tider och s\u00e4rskilt p\u00e5 fredagar vid middagstid, g\u00e5r folket till anrika mosk\u00e9n f\u00f6r att g\u00f6ra sina b\u00f6ner.<\/p>\n<p>&nbsp;<\/p>\n<p><img loading=\"lazy\" decoding=\"async\" class=\"alignleft size-medium wp-image-18933\" src=\"http:\/\/new.newlifeturkey.com\/wp-content\/uploads\/2010\/09\/topkapisarayi.07.2006-300x170.jpg\" alt=\"\" width=\"300\" height=\"170\" srcset=\"https:\/\/www.newlifeturkey.com\/wp-content\/uploads\/2010\/09\/topkapisarayi.07.2006-300x170.jpg 300w, https:\/\/www.newlifeturkey.com\/wp-content\/uploads\/2010\/09\/topkapisarayi.07.2006.jpg 728w\" sizes=\"(max-width: 300px) 100vw, 300px\" \/><\/p>\n<p><strong>Topkapi palatset<\/strong><\/p>\n<p style=\"text-align: justify;\">Topkapi palatset i Istanbul var s\u00e4te f\u00f6r regeringen och bos\u00e4ttning f\u00f6r sultaner och administrativa centret av det osmanska riket i \u00e5rhundraden. Topkapipalatset byggdes strax efter er\u00f6vringen av Konstantinopel (1453) med Sultan Mehmet II.<\/p>\n<p style=\"text-align: justify;\">Sedan dess har alla osmanska h\u00e4rskare bott i Topkapi palatset. \u00c5r 1856 flyttade Sultan Abd\u00fclmecid I. till det nya Dolmabah\u00e7epalatset p\u00e5 andra sidan av Golden Horn vid stranden av Bosporen. B\u00e5da palats \u00e4r nu museum. Palatset best\u00e5r av flera byggnader med en stor tr\u00e4dg\u00e5rd och har en yta p\u00e5 69 hektar.<\/p>\n<p style=\"text-align: justify;\"><img loading=\"lazy\" decoding=\"async\" class=\"alignleft size-medium wp-image-18939\" src=\"http:\/\/new.newlifeturkey.com\/wp-content\/uploads\/2010\/09\/troja-300x209.jpg\" alt=\"\" width=\"300\" height=\"209\" srcset=\"https:\/\/www.newlifeturkey.com\/wp-content\/uploads\/2010\/09\/troja-300x209.jpg 300w, https:\/\/www.newlifeturkey.com\/wp-content\/uploads\/2010\/09\/troja-768x534.jpg 768w, https:\/\/www.newlifeturkey.com\/wp-content\/uploads\/2010\/09\/troja-272x189.jpg 272w, https:\/\/www.newlifeturkey.com\/wp-content\/uploads\/2010\/09\/troja.jpg 997w\" sizes=\"(max-width: 300px) 100vw, 300px\" \/><\/p>\n<p><strong>Arkeologiska omr\u00e5det av Troja<\/strong><\/p>\n<p style=\"text-align: justify;\">Med sin n\u00e4stan 4000-\u00e5riga historia, \u00e4r Troja ett av de mest k\u00e4nda arkeologiska platserna i v\u00e4rlden och \u00e4r med p\u00e5 UNESCO: s v\u00e4rldsarvslista.<\/p>\n<p style=\"text-align: justify;\">Den ber\u00f6mda bel\u00e4gringen av staden \u00e4gde rum i det 13:e \/ 12:e \u00e5rhundradet f.Kr., rapporterade Homer l\u00e5ng tid innan det verkliga Troja hade uppt\u00e4ckts. Det hade inte uppt\u00e4ckts f\u00f6rr\u00e4n det 19:e \u00e5rhundradet. \u00c5r 1870 genomf\u00f6rde den ber\u00f6mde arkeologen Heinrich Schliemann de f\u00f6rsta utgr\u00e4vningarna. De m\u00e5nga fynden \u00e4r bevis f\u00f6r det kulturella utbytet mellan civilisationerna i Anatolien och Medelhavsomr\u00e5det.<\/p>\n<p>&nbsp;<\/p>\n<p>&nbsp;<\/p>\n<p style=\"text-align: justify;\"><img loading=\"lazy\" decoding=\"async\" class=\"alignleft size-medium wp-image-18945\" src=\"http:\/\/new.newlifeturkey.com\/wp-content\/uploads\/2010\/09\/cappadocia_turkey1-300x164.jpg\" alt=\"\" width=\"300\" height=\"164\" srcset=\"https:\/\/www.newlifeturkey.com\/wp-content\/uploads\/2010\/09\/cappadocia_turkey1-300x164.jpg 300w, https:\/\/www.newlifeturkey.com\/wp-content\/uploads\/2010\/09\/cappadocia_turkey1-768x420.jpg 768w, https:\/\/www.newlifeturkey.com\/wp-content\/uploads\/2010\/09\/cappadocia_turkey1.jpg 1023w\" sizes=\"(max-width: 300px) 100vw, 300px\" \/><\/p>\n<p><strong>Stenplatsen Kappadokien<\/strong><\/p>\n<p style=\"text-align: justify;\">Den ber\u00f6mda landskapet i Kappadokien k\u00e4nnetecknas av vulkanutbrott och en plats p\u00e5 UNESCO: s v\u00e4rldsarvslista. H\u00e4r erbjuds of\u00f6rgl\u00f6mliga sev\u00e4rdheter och intryck.<\/p>\n<p style=\"text-align: justify;\">Bergets minnesm\u00e4rken \u00e4r ocks\u00e5 k\u00e4nda som &#8221;fechimneys&#8221;. Under stenarna finns dolda grottsystem som g\u00f6mmer hela st\u00e4der. Konstruktionen av grottorna b\u00f6rjade omkring 4000 f Kr. Denna region i centrala Anatolien \u00e4r n\u00e4ra den legendariska Sidenv\u00e4gen.<\/p>\n<p>&nbsp;<\/p>\n<p style=\"text-align: justify;\"><img loading=\"lazy\" decoding=\"async\" class=\"alignleft size-medium wp-image-18911\" src=\"http:\/\/new.newlifeturkey.com\/wp-content\/uploads\/2010\/09\/pamukkale2 1-300x217.jpg\" alt=\"\" width=\"300\" height=\"217\" srcset=\"https:\/\/www.newlifeturkey.com\/wp-content\/uploads\/2010\/09\/pamukkale2%201-300x217.jpg 300w, https:\/\/www.newlifeturkey.com\/wp-content\/uploads\/2010\/09\/pamukkale2%201.jpg 500w\" sizes=\"(max-width: 300px) 100vw, 300px\" \/><\/p>\n<p><strong>Kalkbildningar i Pamukkale<\/strong><\/p>\n<p style=\"text-align: justify;\">Pamukkale \u00e4r en plats inte s\u00e5 l\u00e5ngt fr\u00e5n Denizli. En av de vackraste naturliga underverk kan beundras redan p\u00e5 avst\u00e5nd. De vita sinter terrasserna \u00e4r kaskader av glittrande f\u00f6rkalkning. Sinter terrasserna i Pamukkale formades av kalkrika varma k\u00e4llor under tusentals \u00e5r.<\/p>\n<p style=\"text-align: justify;\">\u00c4ven i gamla tider har de helande k\u00e4llorna utfodrat staden Hierapolis. Ber\u00f6md \u00e4r den helande kraften i de varma k\u00e4llorna i Pamukkale. Varma k\u00e4llor \u00e4r till f\u00f6ljd av heta k\u00e4llor och inneh\u00e5ller viktiga mineraler f\u00f6r kroppen.<\/p>\n<p style=\"text-align: justify;\">\u00c5r 1988 blev Sinter terrasserna Pamukkale klassificerats som v\u00e4rldsarv.<\/p>\n<p style=\"text-align: justify;\">1,3% av omr\u00e5det i Turkiet \u00e4r under naturskydd. Detta inkluderar tio kustn\u00e4ra reserver, 18 naturreservat och 41 nationalparker.<\/p>\n<p><strong>Turkiska helgdagar<\/strong><br \/>\n23 april Firande av barnen och den nationella suver\u00e4niteten<br \/>\n1 maj Arbetets Dag och dag om solidaritet<br \/>\n19 maj Helgdag f\u00f6r ungdom, idrott och minnet av Atat\u00fcrk<br \/>\n30 augusti Helgdag f\u00f6r Seger<br \/>\n29 oktober Allm\u00e4n helgdag f\u00f6r Republiken<\/p>\n<p><strong>Religi\u00f6sa helgdagar<\/strong><br \/>\nSeker Bayram &#8211; Socker Festival &#8211; Efter slutet av fastem\u00e5naden Ramadan<br \/>\nKurban Bayram &#8211; offerfest<\/p>\n<p>De religi\u00f6sa helgdagarna \u00e4r baserade p\u00e5 den islamiska m\u00e5nkalendern, s\u00e5 de \u00e4r varje \u00e5r ca 11 dagar tidigare och det finns inga best\u00e4mda datum i den gregorianska kalendern.<\/p>\n","protected":false},"excerpt":{"rendered":"<p>Turkiet \u00e4r en demokratisk republik, bel\u00e4gen p\u00e5 kontinenterna Asien och Europa. Staten grundades 1923 av Mustafa Kemal Ataturk. Grundare Mustafa Kemal Ataturk f\u00f6rs\u00f6kte modernisera Turkiet genom m\u00e5nga sociala reformer i linje med olika europeiska stater. Huvudstaden i Turkiet \u00e4r Ankara, den st\u00f6rsta staden i Turkiet \u00e4r Istanbul Lokalisering Turkiet str\u00e4cker sig geografiskt \u00f6ver tv\u00e5 kontinenter. F\u00f6r det f\u00f6rsta Anatolien, den asiatiska delen av Turkiets &#8230;<\/p>\n","protected":false},"author":2,"featured_media":30995,"comment_status":"closed","ping_status":"closed","sticky":false,"template":"","format":"standard","meta":{"footnotes":""},"categories":[448],"tags":[449],"class_list":["post-30993","post","type-post","status-publish","format-standard","has-post-thumbnail","hentry","category-tuerkei-sv","tag-turkey-sv"],"yoast_head":"<!-- This site is optimized with the Yoast SEO plugin v23.2 - https:\/\/yoast.com\/wordpress\/plugins\/seo\/ -->\n<title>Turkiet | Properties in Alanya Turkey<\/title>\n<meta name=\"robots\" content=\"index, follow, max-snippet:-1, max-image-preview:large, max-video-preview:-1\" \/>\n<link rel=\"canonical\" href=\"https:\/\/www.newlifeturkey.com\/sv\/tuerkei-sv\/turkiet\/\" \/>\n<meta property=\"og:locale\" content=\"sv_SE\" \/>\n<meta property=\"og:type\" content=\"article\" \/>\n<meta property=\"og:title\" content=\"Turkiet | Properties in Alanya Turkey\" \/>\n<meta property=\"og:description\" content=\"Turkiet \u00e4r en demokratisk republik, bel\u00e4gen p\u00e5 kontinenterna Asien och Europa. Staten grundades 1923 av Mustafa Kemal Ataturk. Grundare Mustafa Kemal Ataturk f\u00f6rs\u00f6kte modernisera Turkiet genom m\u00e5nga sociala reformer i linje med olika europeiska stater. Huvudstaden i Turkiet \u00e4r Ankara, den st\u00f6rsta staden i Turkiet \u00e4r Istanbul Lokalisering Turkiet str\u00e4cker sig geografiskt \u00f6ver tv\u00e5 kontinenter. F\u00f6r det f\u00f6rsta Anatolien, den asiatiska delen av Turkiets ...\" \/>\n<meta property=\"og:url\" content=\"https:\/\/www.newlifeturkey.com\/sv\/tuerkei-sv\/turkiet\/\" \/>\n<meta property=\"og:site_name\" content=\"Properties in Alanya Turkey\" \/>\n<meta property=\"article:publisher\" content=\"https:\/\/www.facebook.com\/newlifeturkeyinalanya\/\" \/>\n<meta property=\"article:published_time\" content=\"2010-09-15T03:07:04+00:00\" \/>\n<meta property=\"article:modified_time\" content=\"2018-01-16T11:26:31+00:00\" \/>\n<meta property=\"og:image\" content=\"https:\/\/www.newlifeturkey.com\/wp-content\/uploads\/2010\/09\/turkey-1.jpg\" \/>\n\t<meta property=\"og:image:width\" content=\"1663\" \/>\n\t<meta property=\"og:image:height\" content=\"522\" \/>\n\t<meta property=\"og:image:type\" content=\"image\/jpeg\" \/>\n<meta name=\"author\" content=\"Administrator\" \/>\n<meta name=\"twitter:card\" content=\"summary_large_image\" \/>\n<meta name=\"twitter:creator\" content=\"@NewLifeAlanya\" \/>\n<meta name=\"twitter:site\" content=\"@NewLifeAlanya\" \/>\n<meta name=\"twitter:label1\" content=\"Skriven av\" \/>\n\t<meta name=\"twitter:data1\" content=\"Administrator\" \/>\n\t<meta name=\"twitter:label2\" content=\"Ber\u00e4knad l\u00e4stid\" \/>\n\t<meta name=\"twitter:data2\" content=\"4 minuter\" \/>\n<script type=\"application\/ld+json\" class=\"yoast-schema-graph\">{\"@context\":\"https:\/\/schema.org\",\"@graph\":[{\"@type\":\"WebPage\",\"@id\":\"https:\/\/www.newlifeturkey.com\/sv\/tuerkei-sv\/turkiet\/\",\"url\":\"https:\/\/www.newlifeturkey.com\/sv\/tuerkei-sv\/turkiet\/\",\"name\":\"Turkiet | Properties in Alanya Turkey\",\"isPartOf\":{\"@id\":\"https:\/\/www.newlifeturkey.com\/sv\/#website\"},\"primaryImageOfPage\":{\"@id\":\"https:\/\/www.newlifeturkey.com\/sv\/tuerkei-sv\/turkiet\/#primaryimage\"},\"image\":{\"@id\":\"https:\/\/www.newlifeturkey.com\/sv\/tuerkei-sv\/turkiet\/#primaryimage\"},\"thumbnailUrl\":\"https:\/\/www.newlifeturkey.com\/wp-content\/uploads\/2010\/09\/turkey-1.jpg\",\"datePublished\":\"2010-09-15T03:07:04+00:00\",\"dateModified\":\"2018-01-16T11:26:31+00:00\",\"author\":{\"@id\":\"https:\/\/www.newlifeturkey.com\/sv\/#\/schema\/person\/32bb5921278f3cdce8d3125f3391fee1\"},\"breadcrumb\":{\"@id\":\"https:\/\/www.newlifeturkey.com\/sv\/tuerkei-sv\/turkiet\/#breadcrumb\"},\"inLanguage\":\"sv-SE\",\"potentialAction\":[{\"@type\":\"ReadAction\",\"target\":[\"https:\/\/www.newlifeturkey.com\/sv\/tuerkei-sv\/turkiet\/\"]}]},{\"@type\":\"ImageObject\",\"inLanguage\":\"sv-SE\",\"@id\":\"https:\/\/www.newlifeturkey.com\/sv\/tuerkei-sv\/turkiet\/#primaryimage\",\"url\":\"https:\/\/www.newlifeturkey.com\/wp-content\/uploads\/2010\/09\/turkey-1.jpg\",\"contentUrl\":\"https:\/\/www.newlifeturkey.com\/wp-content\/uploads\/2010\/09\/turkey-1.jpg\",\"width\":1663,\"height\":522},{\"@type\":\"BreadcrumbList\",\"@id\":\"https:\/\/www.newlifeturkey.com\/sv\/tuerkei-sv\/turkiet\/#breadcrumb\",\"itemListElement\":[{\"@type\":\"ListItem\",\"position\":1,\"name\":\"Home\",\"item\":\"https:\/\/www.newlifeturkey.com\/sv\/\"},{\"@type\":\"ListItem\",\"position\":2,\"name\":\"Turkiet\"}]},{\"@type\":\"WebSite\",\"@id\":\"https:\/\/www.newlifeturkey.com\/sv\/#website\",\"url\":\"https:\/\/www.newlifeturkey.com\/sv\/\",\"name\":\"Properties in Alanya Turkey\",\"description\":\"New Life Turkey\",\"potentialAction\":[{\"@type\":\"SearchAction\",\"target\":{\"@type\":\"EntryPoint\",\"urlTemplate\":\"https:\/\/www.newlifeturkey.com\/sv\/?s={search_term_string}\"},\"query-input\":\"required name=search_term_string\"}],\"inLanguage\":\"sv-SE\"},{\"@type\":\"Person\",\"@id\":\"https:\/\/www.newlifeturkey.com\/sv\/#\/schema\/person\/32bb5921278f3cdce8d3125f3391fee1\",\"name\":\"Administrator\",\"image\":{\"@type\":\"ImageObject\",\"inLanguage\":\"sv-SE\",\"@id\":\"https:\/\/www.newlifeturkey.com\/sv\/#\/schema\/person\/image\/\",\"url\":\"https:\/\/secure.gravatar.com\/avatar\/a26f474d98eb9b1c6de2be2991deff027ea01ab2d1b6f3ee009ef7a72240ea1f?s=96&d=mm&r=g\",\"contentUrl\":\"https:\/\/secure.gravatar.com\/avatar\/a26f474d98eb9b1c6de2be2991deff027ea01ab2d1b6f3ee009ef7a72240ea1f?s=96&d=mm&r=g\",\"caption\":\"Administrator\"}}]}<\/script>\n<!-- \/ Yoast SEO plugin. -->","yoast_head_json":{"title":"Turkiet | Properties in Alanya Turkey","robots":{"index":"index","follow":"follow","max-snippet":"max-snippet:-1","max-image-preview":"max-image-preview:large","max-video-preview":"max-video-preview:-1"},"canonical":"https:\/\/www.newlifeturkey.com\/sv\/tuerkei-sv\/turkiet\/","og_locale":"sv_SE","og_type":"article","og_title":"Turkiet | Properties in Alanya Turkey","og_description":"Turkiet \u00e4r en demokratisk republik, bel\u00e4gen p\u00e5 kontinenterna Asien och Europa. Staten grundades 1923 av Mustafa Kemal Ataturk. Grundare Mustafa Kemal Ataturk f\u00f6rs\u00f6kte modernisera Turkiet genom m\u00e5nga sociala reformer i linje med olika europeiska stater. Huvudstaden i Turkiet \u00e4r Ankara, den st\u00f6rsta staden i Turkiet \u00e4r Istanbul Lokalisering Turkiet str\u00e4cker sig geografiskt \u00f6ver tv\u00e5 kontinenter. F\u00f6r det f\u00f6rsta Anatolien, den asiatiska delen av Turkiets ...","og_url":"https:\/\/www.newlifeturkey.com\/sv\/tuerkei-sv\/turkiet\/","og_site_name":"Properties in Alanya Turkey","article_publisher":"https:\/\/www.facebook.com\/newlifeturkeyinalanya\/","article_published_time":"2010-09-15T03:07:04+00:00","article_modified_time":"2018-01-16T11:26:31+00:00","og_image":[{"width":1663,"height":522,"url":"https:\/\/www.newlifeturkey.com\/wp-content\/uploads\/2010\/09\/turkey-1.jpg","type":"image\/jpeg"}],"author":"Administrator","twitter_card":"summary_large_image","twitter_creator":"@NewLifeAlanya","twitter_site":"@NewLifeAlanya","twitter_misc":{"Skriven av":"Administrator","Ber\u00e4knad l\u00e4stid":"4 minuter"},"schema":{"@context":"https:\/\/schema.org","@graph":[{"@type":"WebPage","@id":"https:\/\/www.newlifeturkey.com\/sv\/tuerkei-sv\/turkiet\/","url":"https:\/\/www.newlifeturkey.com\/sv\/tuerkei-sv\/turkiet\/","name":"Turkiet | Properties in Alanya Turkey","isPartOf":{"@id":"https:\/\/www.newlifeturkey.com\/sv\/#website"},"primaryImageOfPage":{"@id":"https:\/\/www.newlifeturkey.com\/sv\/tuerkei-sv\/turkiet\/#primaryimage"},"image":{"@id":"https:\/\/www.newlifeturkey.com\/sv\/tuerkei-sv\/turkiet\/#primaryimage"},"thumbnailUrl":"https:\/\/www.newlifeturkey.com\/wp-content\/uploads\/2010\/09\/turkey-1.jpg","datePublished":"2010-09-15T03:07:04+00:00","dateModified":"2018-01-16T11:26:31+00:00","author":{"@id":"https:\/\/www.newlifeturkey.com\/sv\/#\/schema\/person\/32bb5921278f3cdce8d3125f3391fee1"},"breadcrumb":{"@id":"https:\/\/www.newlifeturkey.com\/sv\/tuerkei-sv\/turkiet\/#breadcrumb"},"inLanguage":"sv-SE","potentialAction":[{"@type":"ReadAction","target":["https:\/\/www.newlifeturkey.com\/sv\/tuerkei-sv\/turkiet\/"]}]},{"@type":"ImageObject","inLanguage":"sv-SE","@id":"https:\/\/www.newlifeturkey.com\/sv\/tuerkei-sv\/turkiet\/#primaryimage","url":"https:\/\/www.newlifeturkey.com\/wp-content\/uploads\/2010\/09\/turkey-1.jpg","contentUrl":"https:\/\/www.newlifeturkey.com\/wp-content\/uploads\/2010\/09\/turkey-1.jpg","width":1663,"height":522},{"@type":"BreadcrumbList","@id":"https:\/\/www.newlifeturkey.com\/sv\/tuerkei-sv\/turkiet\/#breadcrumb","itemListElement":[{"@type":"ListItem","position":1,"name":"Home","item":"https:\/\/www.newlifeturkey.com\/sv\/"},{"@type":"ListItem","position":2,"name":"Turkiet"}]},{"@type":"WebSite","@id":"https:\/\/www.newlifeturkey.com\/sv\/#website","url":"https:\/\/www.newlifeturkey.com\/sv\/","name":"Properties in Alanya Turkey","description":"New Life Turkey","potentialAction":[{"@type":"SearchAction","target":{"@type":"EntryPoint","urlTemplate":"https:\/\/www.newlifeturkey.com\/sv\/?s={search_term_string}"},"query-input":"required name=search_term_string"}],"inLanguage":"sv-SE"},{"@type":"Person","@id":"https:\/\/www.newlifeturkey.com\/sv\/#\/schema\/person\/32bb5921278f3cdce8d3125f3391fee1","name":"Administrator","image":{"@type":"ImageObject","inLanguage":"sv-SE","@id":"https:\/\/www.newlifeturkey.com\/sv\/#\/schema\/person\/image\/","url":"https:\/\/secure.gravatar.com\/avatar\/a26f474d98eb9b1c6de2be2991deff027ea01ab2d1b6f3ee009ef7a72240ea1f?s=96&d=mm&r=g","contentUrl":"https:\/\/secure.gravatar.com\/avatar\/a26f474d98eb9b1c6de2be2991deff027ea01ab2d1b6f3ee009ef7a72240ea1f?s=96&d=mm&r=g","caption":"Administrator"}}]}},"_links":{"self":[{"href":"https:\/\/www.newlifeturkey.com\/sv\/wp-json\/wp\/v2\/posts\/30993","targetHints":{"allow":["GET"]}}],"collection":[{"href":"https:\/\/www.newlifeturkey.com\/sv\/wp-json\/wp\/v2\/posts"}],"about":[{"href":"https:\/\/www.newlifeturkey.com\/sv\/wp-json\/wp\/v2\/types\/post"}],"author":[{"embeddable":true,"href":"https:\/\/www.newlifeturkey.com\/sv\/wp-json\/wp\/v2\/users\/2"}],"replies":[{"embeddable":true,"href":"https:\/\/www.newlifeturkey.com\/sv\/wp-json\/wp\/v2\/comments?post=30993"}],"version-history":[{"count":3,"href":"https:\/\/www.newlifeturkey.com\/sv\/wp-json\/wp\/v2\/posts\/30993\/revisions"}],"predecessor-version":[{"id":32133,"href":"https:\/\/www.newlifeturkey.com\/sv\/wp-json\/wp\/v2\/posts\/30993\/revisions\/32133"}],"wp:featuredmedia":[{"embeddable":true,"href":"https:\/\/www.newlifeturkey.com\/sv\/wp-json\/wp\/v2\/media\/30995"}],"wp:attachment":[{"href":"https:\/\/www.newlifeturkey.com\/sv\/wp-json\/wp\/v2\/media?parent=30993"}],"wp:term":[{"taxonomy":"category","embeddable":true,"href":"https:\/\/www.newlifeturkey.com\/sv\/wp-json\/wp\/v2\/categories?post=30993"},{"taxonomy":"post_tag","embeddable":true,"href":"https:\/\/www.newlifeturkey.com\/sv\/wp-json\/wp\/v2\/tags?post=30993"}],"curies":[{"name":"wp","href":"https:\/\/api.w.org\/{rel}","templated":true}]}}